{"id":2747,"date":"2024-12-11T19:04:43","date_gmt":"2024-12-11T18:04:43","guid":{"rendered":"https:\/\/www.ardent-group.com\/ibis-styles-liege-guillemins-receives-double-award-for-outstanding-customer-satisfaction\/"},"modified":"2025-01-06T17:06:08","modified_gmt":"2025-01-06T16:06:08","slug":"ibis-styles-liege-guillemins-receives-double-award-for-outstanding-customer-satisfaction","status":"publish","type":"post","link":"https:\/\/www.ardent-group.com\/fr\/ibis-styles-liege-guillemins-receives-double-award-for-outstanding-customer-satisfaction\/","title":{"rendered":"L\u2019Ibis Styles Li\u00e8ge Guillemins doublement r\u00e9compens\u00e9 pour son taux de satisfaction client exceptionnel"},"content":{"rendered":"<p>L\u2019h\u00f4tel Ibis Styles Li\u00e8ge Guillemins est plus qu\u2019un simple lieu de s\u00e9jour\u00a0; c\u2019est une v\u00e9ritable immersion dans l\u2019univers cr\u00e9atif de la bande dessin\u00e9e belge, offrant une exp\u00e9rience unique \u00e0 chaque visiteur. Situ\u00e9 \u00e0 quelques pas de la gare des Guillemins, l\u2019\u00e9tablissement, avec ses 102 chambres \u00e0 l\u2019esprit design et fonctionnel, s\u2019adapte aussi bien aux voyageurs d\u2019affaires qu\u2019aux familles en qu\u00eate de d\u00e9tente et a \u00e0 c\u0153ur d\u2019\u00eatre aux petits soins pour chacun de ses clients.<\/p>\n<p>Cette qu\u00eate de satisfaction client a \u00e9t\u00e9 r\u00e9cemment couronn\u00e9e par deux distinctions majeures qui t\u00e9moignent du travail acharn\u00e9 et de l\u2019engagement de son \u00e9quipe pour garantir une exp\u00e9rience client exceptionnelle.<\/p>\n<p><img loading=\"lazy\" decoding=\"async\" class=\"size-medium wp-image-2777 aligncenter\" src=\"https:\/\/www.ardent-group.com\/wp-content\/uploads\/2020\/02\/v8a7296-600x400.jpg\" alt=\"\" width=\"600\" height=\"400\" srcset=\"https:\/\/www.ardent-group.com\/wp-content\/uploads\/2020\/02\/v8a7296-600x400.jpg 600w, https:\/\/www.ardent-group.com\/wp-content\/uploads\/2020\/02\/v8a7296-1024x683.jpg 1024w, https:\/\/www.ardent-group.com\/wp-content\/uploads\/2020\/02\/v8a7296-768x512.jpg 768w, https:\/\/www.ardent-group.com\/wp-content\/uploads\/2020\/02\/v8a7296-1536x1024.jpg 1536w, https:\/\/www.ardent-group.com\/wp-content\/uploads\/2020\/02\/v8a7296-2048x1365.jpg 2048w, https:\/\/www.ardent-group.com\/wp-content\/uploads\/2020\/02\/v8a7296-scaled.jpg 1920w\" sizes=\"auto, (max-width: 600px) 100vw, 600px\" \/><\/p>\n<p><strong>Meilleur RPS d\u2019Europe du Nord \u2013 Accor Partners Day 2023<\/strong><\/p>\n<p>Lors des Accor Partners Day 2023, qui se sont tenus \u00e0 Budapest, l\u2019h\u00f4tel a eu l\u2019honneur de recevoir l\u2019Award du Meilleur Reputation Performance Score (RPS) d\u2019Europe du Nord pour la p\u00e9riode de juillet 2022 \u00e0 juin 2023. Ce prix prestigieux est une reconnaissance de sa capacit\u00e9 \u00e0 maintenir un niveau de satisfaction client exceptionnel, avec une note moyenne annuelle de 89%.<\/p>\n<p>Ce succ\u00e8s est le reflet direct de la passion et du d\u00e9vouement de l\u2019\u00e9quipe de l\u2019h\u00f4tel, qui s\u2019efforce chaque jour d\u2019offrir un service de qualit\u00e9 irr\u00e9prochable, r\u00e9pondant ainsi aux attentes de ses clients les plus exigeants. L\u2019obtention de ce prix est une fiert\u00e9 partag\u00e9e par tout le personnel, dont l\u2019engagement quotidien permet d\u2019atteindre de tels sommets.<\/p>\n<p><strong>Top-rated hotel Accor 2023<\/strong><\/p>\n<p>Poursuivant sur cette lanc\u00e9e, l\u2019h\u00f4tel a \u00e9t\u00e9 d\u00e9sign\u00e9 Top-rated hotel Accor 2023, une distinction qui rassemble tous les h\u00f4tels Accor \u00e0 travers le monde. D\u00e9cern\u00e9 en avril 2024, ce prix fait de l\u2019Ibis Styles Li\u00e8ge Guillemins le meilleur h\u00f4tel du groupe Accor, tous pays confondus, avec un taux de satisfaction client toujours \u00e9tabli \u00e0 89\/100.<\/p>\n<p>Cette double reconnaissance est un t\u00e9moignage clair de la constance et de l\u2019engagement de l\u2019h\u00f4tel \u00e0 offrir une satisfaction client in\u00e9gal\u00e9e, confirmant sa position de leader non seulement en Belgique, mais aussi \u00e0 l\u2019\u00e9chelle internationale. L\u2019approche ax\u00e9e sur le bien-\u00eatre, le confort et l\u2019exp\u00e9rience client continue de porter ses fruits, consolidant sa r\u00e9putation dans l\u2019univers de l\u2019h\u00f4tellerie.<\/p>\n<p><strong>Une exp\u00e9rience unique \u00e0 chaque s\u00e9jour<\/strong><\/p>\n<p>\u00c0 l\u2019Ibis Styles Li\u00e8ge Guillemins, l\u2019h\u00f4tel offre bien plus qu\u2019un simple h\u00e9bergement. Ses installations modernes, telles que le bar avec terrasse chauff\u00e9e, l\u2019espace de coworking, et des chambres \u00e9quip\u00e9es de lits King size, sont con\u00e7ues pour r\u00e9pondre aux besoins vari\u00e9s des clients. Que ce soit pour un city trip, un s\u00e9jour en famille ou un voyage d\u2019affaires, l\u2019h\u00f4tel garantit une exp\u00e9rience unique, enrichie par une immersion dans le monde de la bande dessin\u00e9e.<\/p>\n<p>L\u2019\u00e9quipe dynamique est au c\u0153ur de cette r\u00e9ussite. Elle est d\u00e9di\u00e9e \u00e0 offrir \u00e0 chaque client un s\u00e9jour m\u00e9morable, que ce soit \u00e0 travers l\u2019accueil chaleureux ou les services personnalis\u00e9s qui sont propos\u00e9s. Le double succ\u00e8s de l\u2019Ibis Styles Li\u00e8ge Guillemins aux Accor Partners Day 2023 et en tant que Top-rated hotel Accor 2023 est une reconnaissance de leurs efforts constants pour offrir une exp\u00e9rience de s\u00e9jour in\u00e9gal\u00e9e.<\/p>\n","protected":false},"excerpt":{"rendered":"<p>L\u2019h\u00f4tel Ibis Styles Li\u00e8ge Guillemins est plus qu\u2019un simple lieu de s\u00e9jour\u00a0; c\u2019est une v\u00e9ritable immersion dans l\u2019univers cr\u00e9atif de [&hellip;]<\/p>\n","protected":false},"author":3,"featured_media":0,"comment_status":"closed","ping_status":"closed","sticky":false,"template":"","format":"standard","meta":{"_acf_changed":false,"footnotes":""},"categories":[15],"tags":[],"class_list":["post-2747","post","type-post","status-publish","format-standard","hentry","category-corporate-fr"],"acf":[],"_links":{"self":[{"href":"https:\/\/www.ardent-group.com\/fr\/wp-json\/wp\/v2\/posts\/2747","targetHints":{"allow":["GET"]}}],"collection":[{"href":"https:\/\/www.ardent-group.com\/fr\/wp-json\/wp\/v2\/posts"}],"about":[{"href":"https:\/\/www.ardent-group.com\/fr\/wp-json\/wp\/v2\/types\/post"}],"author":[{"embeddable":true,"href":"https:\/\/www.ardent-group.com\/fr\/wp-json\/wp\/v2\/users\/3"}],"replies":[{"embeddable":true,"href":"https:\/\/www.ardent-group.com\/fr\/wp-json\/wp\/v2\/comments?post=2747"}],"version-history":[{"count":3,"href":"https:\/\/www.ardent-group.com\/fr\/wp-json\/wp\/v2\/posts\/2747\/revisions"}],"predecessor-version":[{"id":2866,"href":"https:\/\/www.ardent-group.com\/fr\/wp-json\/wp\/v2\/posts\/2747\/revisions\/2866"}],"wp:attachment":[{"href":"https:\/\/www.ardent-group.com\/fr\/wp-json\/wp\/v2\/media?parent=2747"}],"wp:term":[{"taxonomy":"category","embeddable":true,"href":"https:\/\/www.ardent-group.com\/fr\/wp-json\/wp\/v2\/categories?post=2747"},{"taxonomy":"post_tag","embeddable":true,"href":"https:\/\/www.ardent-group.com\/fr\/wp-json\/wp\/v2\/tags?post=2747"}],"curies":[{"name":"wp","href":"https:\/\/api.w.org\/{rel}","templated":true}]}}