{"id":2780,"date":"2020-02-28T20:08:33","date_gmt":"2020-02-28T19:08:33","guid":{"rendered":"https:\/\/www.ardent-group.com\/ibis-styles-opens-its-doors-in-the-heart-of-guillemins\/"},"modified":"2025-01-05T17:29:09","modified_gmt":"2025-01-05T16:29:09","slug":"ibis-styles-opens-its-doors-in-the-heart-of-guillemins","status":"publish","type":"post","link":"https:\/\/www.ardent-group.com\/fr\/ibis-styles-opens-its-doors-in-the-heart-of-guillemins\/","title":{"rendered":"L\u2019Ibis Styles ouvre ses portes en plein c\u0153ur des Guillemins"},"content":{"rendered":"<p>C\u2019est \u00e0 quelques pas seulement de la gare de Li\u00e8ge-Guillemins, chef-d\u2019\u0153uvre architectural de l\u2019artiste Calatrava, que le nouvel h\u00f4tel Ibis Styles a accueilli ses premiers visiteurs. Actionnaire de r\u00e9f\u00e9rence, Ardent Invest, p\u00f4le d\u2019investissement d\u2019Ardent Group, a cr\u00e9\u00e9 les conditions id\u00e9ales \u00e0 la conception de cet h\u00f4tel chaleureux \u00e0 l\u2019esprit li\u00e9geois.<\/p>\n<p><strong>Confort et design au c\u0153ur de la Cit\u00e9 ardente<\/strong><\/p>\n<p>Dot\u00e9 de grandes baies vitr\u00e9es qui rappellent l\u2019architecture contemporaine du quartier,\u00a0<a href=\"https:\/\/www.ardent-invest.be\/entreprises\/ibis-styles-liege-guillemins\/\">l\u2019Ibis Styles Li\u00e8ge Guillemins<\/a>\u00a0est le pied-\u00e0-terre id\u00e9al pour d\u00e9couvrir la Cit\u00e9 ardente. L\u2019h\u00f4tel dispose de 102 chambres modernes et chaleureuses au d\u00e9cor inspir\u00e9 des bandes dessin\u00e9es. Avec sa terrasse branch\u00e9e mais d\u00e9contract\u00e9e, le Jack\u2019s Bar offre un assortiment de bi\u00e8res belges et de cocktails aux saveurs d\u2019\u00e9t\u00e9. L\u2019h\u00f4tel propose \u00e9galement une boutique gourmande et une grande salle de r\u00e9union enti\u00e8rement \u00e9quip\u00e9e.<\/p>\n<p><img loading=\"lazy\" decoding=\"async\" class=\"size-medium wp-image-2772\" src=\"https:\/\/www.ardent-group.com\/wp-content\/uploads\/2020\/02\/v8a7508-600x400.jpg\" alt=\"Ibis Style Liege Guillemins B6d9\" width=\"600\" height=\"400\" srcset=\"https:\/\/www.ardent-group.com\/wp-content\/uploads\/2020\/02\/v8a7508-600x400.jpg 600w, https:\/\/www.ardent-group.com\/wp-content\/uploads\/2020\/02\/v8a7508-1024x683.jpg 1024w, https:\/\/www.ardent-group.com\/wp-content\/uploads\/2020\/02\/v8a7508-768x512.jpg 768w, https:\/\/www.ardent-group.com\/wp-content\/uploads\/2020\/02\/v8a7508-1536x1024.jpg 1536w, https:\/\/www.ardent-group.com\/wp-content\/uploads\/2020\/02\/v8a7508-2048x1365.jpg 2048w, https:\/\/www.ardent-group.com\/wp-content\/uploads\/2020\/02\/v8a7508-scaled.jpg 1620w\" sizes=\"auto, (max-width: 600px) 100vw, 600px\" \/><\/p>\n<p><strong>Le 9<sup>e<\/sup>\u00a0art mis \u00e0 l\u2019honneur<\/strong><\/p>\n<p>Ouvert aux esprits cr\u00e9atifs, l\u2019Ibis Styles offre un d\u00e9cor inspir\u00e9 de l\u2019univers des bandes-dessin\u00e9es belges. Chaque chambre est d\u00e9cor\u00e9e \u00e0 l\u2019effigie de personnages embl\u00e9matiques comme Gaston, Spirou et Fantasio ou encore Natacha. Les murs joyeux et color\u00e9s sont orn\u00e9s de phylact\u00e8res aux messages humoristiques et informatifs. Un vrai plus dans un quartier o\u00f9 la culture est constamment mise \u00e0 l\u2019honneur, notamment gr\u00e2ce aux expositions de la gare des Guillemins et du mus\u00e9e de la Boverie.<\/p>\n<p><img loading=\"lazy\" decoding=\"async\" class=\"size-medium wp-image-2775\" src=\"https:\/\/www.ardent-group.com\/wp-content\/uploads\/2020\/02\/v8a7296-600x400.jpg\" alt=\"Ibis Style Liege Guillemins B6d9\" width=\"600\" height=\"400\" srcset=\"https:\/\/www.ardent-group.com\/wp-content\/uploads\/2020\/02\/v8a7296-600x400.jpg 600w, https:\/\/www.ardent-group.com\/wp-content\/uploads\/2020\/02\/v8a7296-1024x683.jpg 1024w, https:\/\/www.ardent-group.com\/wp-content\/uploads\/2020\/02\/v8a7296-768x512.jpg 768w, https:\/\/www.ardent-group.com\/wp-content\/uploads\/2020\/02\/v8a7296-1536x1024.jpg 1536w, https:\/\/www.ardent-group.com\/wp-content\/uploads\/2020\/02\/v8a7296-2048x1365.jpg 2048w, https:\/\/www.ardent-group.com\/wp-content\/uploads\/2020\/02\/v8a7296-scaled.jpg 1620w\" sizes=\"auto, (max-width: 600px) 100vw, 600px\" \/><\/p>\n<p><strong>Une situation privil\u00e9gi\u00e9e dans un quartier dynamique<\/strong><\/p>\n<p>Situ\u00e9 \u00e0 quelques dizaines de m\u00e8tres \u00e0 peine de l\u2019incontournable gare de Li\u00e8ge-Guillemins, l\u2019Ibis Styles fait partie du Li\u00e8ge Office Center, complexe de plus de 17.000 m\u00b2 o\u00f9 se sont install\u00e9s les nouveaux bureaux d\u2019Ardent Group. Cet immeuble mixte, qui regroupe des bureaux, des commerces et des appartements, jouit d\u2019une situation privil\u00e9gi\u00e9e dans un quartier en plein red\u00e9ploiement.<\/p>\n<p>Du haut de ses 118 m\u00e8tres, la Tour Paradis domine depuis 2015 le quartier bord\u00e9 par la Meuse et ses navettes fluviales. L\u2019espace public est harmonieusement partag\u00e9\u00a0: les pi\u00e9tons et cyclistes peuvent profiter de larges espaces qui leur sont enti\u00e8rement d\u00e9di\u00e9s, comme l\u2019imposante Place Pierre Clerdent, les quais de Meuse r\u00e9cemment r\u00e9am\u00e9nag\u00e9s ou encore la passerelle La Belle Li\u00e9geoise qui relie les Guillemins au parc de la Boverie. Les projets de redynamisation du quartier se poursuivent, avec le d\u00e9veloppement d\u2019un \u00e9coquartier et l\u2019arriv\u00e9e tant attendue du tram qui passera par la nouvelle esplanade des Guillemins.<\/p>\n","protected":false},"excerpt":{"rendered":"<p>C\u2019est \u00e0 quelques pas seulement de la gare de Li\u00e8ge-Guillemins, chef-d\u2019\u0153uvre architectural de l\u2019artiste Calatrava, que le nouvel h\u00f4tel Ibis [&hellip;]<\/p>\n","protected":false},"author":3,"featured_media":0,"comment_status":"closed","ping_status":"closed","sticky":false,"template":"","format":"standard","meta":{"_acf_changed":false,"footnotes":""},"categories":[71],"tags":[],"class_list":["post-2780","post","type-post","status-publish","format-standard","hentry","category-real-estate-fr"],"acf":[],"_links":{"self":[{"href":"https:\/\/www.ardent-group.com\/fr\/wp-json\/wp\/v2\/posts\/2780","targetHints":{"allow":["GET"]}}],"collection":[{"href":"https:\/\/www.ardent-group.com\/fr\/wp-json\/wp\/v2\/posts"}],"about":[{"href":"https:\/\/www.ardent-group.com\/fr\/wp-json\/wp\/v2\/types\/post"}],"author":[{"embeddable":true,"href":"https:\/\/www.ardent-group.com\/fr\/wp-json\/wp\/v2\/users\/3"}],"replies":[{"embeddable":true,"href":"https:\/\/www.ardent-group.com\/fr\/wp-json\/wp\/v2\/comments?post=2780"}],"version-history":[{"count":2,"href":"https:\/\/www.ardent-group.com\/fr\/wp-json\/wp\/v2\/posts\/2780\/revisions"}],"predecessor-version":[{"id":2784,"href":"https:\/\/www.ardent-group.com\/fr\/wp-json\/wp\/v2\/posts\/2780\/revisions\/2784"}],"wp:attachment":[{"href":"https:\/\/www.ardent-group.com\/fr\/wp-json\/wp\/v2\/media?parent=2780"}],"wp:term":[{"taxonomy":"category","embeddable":true,"href":"https:\/\/www.ardent-group.com\/fr\/wp-json\/wp\/v2\/categories?post=2780"},{"taxonomy":"post_tag","embeddable":true,"href":"https:\/\/www.ardent-group.com\/fr\/wp-json\/wp\/v2\/tags?post=2780"}],"curies":[{"name":"wp","href":"https:\/\/api.w.org\/{rel}","templated":true}]}}