{"id":443,"date":"2021-06-20T15:16:13","date_gmt":"2021-06-20T13:16:13","guid":{"rendered":"https:\/\/www.ardent-group.com\/?p=443"},"modified":"2021-08-27T10:31:49","modified_gmt":"2021-08-27T08:31:49","slug":"ardent-group-sinstalle-au-coeur-du-quartier-des-guillemins","status":"publish","type":"post","link":"https:\/\/www.ardent-group.com\/fr\/ardent-group-sinstalle-au-coeur-du-quartier-des-guillemins\/","title":{"rendered":"Ardent Group s\u2019installe au c\u0153ur du quartier des Guillemins"},"content":{"rendered":"<p>C&rsquo;est au c\u0153ur de Li\u00e8ge, face \u00e0 la gare des Guillemins, v\u00e9ritable chef-d&rsquo;\u0153uvre de l&rsquo;artiste Calatrava, que le si\u00e8ge belge d\u2019Ardent Group a install\u00e9 ses tout nouveaux bureaux.<br \/>\nLa connexion, le partage et la performance sont les ma\u00eetres mots de ces nouvelles installations. Elles r\u00e9pondent aux besoins de chaque collaborateur gr\u00e2ce \u00e0 des espaces adapt\u00e9s\u00a0: salles flexibles, hub audiovisuel, smart rooms, salles de r\u00e9union, cabines t\u00e9l\u00e9phoniques ou encore espaces de d\u00e9tente et de partage. Ce nouvel outil permettra de favoriser la collaboration, mais aussi de stimuler la cr\u00e9ativit\u00e9 et l\u2019esprit pionnier et entrepreneurial de chacun.<\/p>\n<h2>Une situation privil\u00e9gi\u00e9e dans un quartier en plein renouveau<\/h2>\n<p>Situ\u00e9 \u00e0 quelques dizaines de m\u00e8tres \u00e0 peine de l\u2019incontournable gare de Li\u00e8ge-Guillemins, les nouveaux bureaux d\u2019Ardent Group font partie du complexe Li\u00e8ge Office Center. Cet immeuble mixte de plus de 17.000 m\u00b2, qui regroupe des bureaux, des commerces, un h\u00f4tel Ibis et des appartements, jouit d\u2019une situation privil\u00e9gi\u00e9e dans un quartier de la Cit\u00e9 ardente en plein red\u00e9ploiement.<\/p>\n<p>Du haut de ses 118 m\u00e8tres, la Tour Paradis domine depuis 2015 le quartier bord\u00e9 par la Meuse et ses navettes fluviales. L\u2019espace public est harmonieusement partag\u00e9 : les pi\u00e9tons et cyclistes peuvent profiter de larges espaces qui leur sont enti\u00e8rement d\u00e9di\u00e9s, comme l\u2019imposante Place Pierre Clerdent, les quais de Meuse r\u00e9cemment r\u00e9am\u00e9nag\u00e9s ou encore la passerelle La Belle Li\u00e9geoise qui relie les Guillemins au parc de la Boverie. Les projets de redynamisation du quartier se poursuivent, avec le d\u00e9veloppement d\u2019un \u00e9coquartier et l\u2019arriv\u00e9e tant attendue du tram qui passera par la nouvelle esplanade des Guillemins.<\/p>\n<h2>La Cit\u00e9 ardente, un choix de c\u0153ur<\/h2>\n<p>Installer les nouveaux bureaux du groupe en plein centre de Li\u00e8ge \u00e9tait un v\u00e9ritable choix de c\u0153ur, comme l\u2019explique le CEO, Emmanuel Mewissen : \u00ab\u00a0Conserver un ancrage local fort est quelque chose qui nous tenait particuli\u00e8rement \u00e0 c\u0153ur. L\u2019une de nos missions est de participer au red\u00e9ploiement socio-\u00e9conomique de cette r\u00e9gion qui nous a vus na\u00eetre. C\u2019est pourquoi nous avons d\u00e9cid\u00e9 d\u2019installer nos bureaux en Wallonie, alors que beaucoup de soci\u00e9t\u00e9s partent s\u2019installer \u00e0 Malte ou encore \u00e0 Gibraltar. Nous avons pris le pari de rester l\u00e0 o\u00f9 nous avons re\u00e7u notre \u00e9ducation et de servir de r\u00e9f\u00e9rence, d\u2019\u00eatre un exemple parmi les soci\u00e9t\u00e9s wallonnes.\u00a0\u00bb<\/p>\n<p>Ces nouveaux b\u00e2timents se veulent \u00e9galement respectueux de l\u2019environnement et poss\u00e8dent le label BREEAM, un standard de r\u00e9f\u00e9rence en mati\u00e8re de construction durable. Nicolas L\u00e9onard, CFO d\u2019Ardent Group, se r\u00e9jouit : \u00ab\u00a0C\u2019est un projet excessivement bien pens\u00e9 en termes de mobilit\u00e9, d\u2019accessibilit\u00e9, d\u2019empreinte carbone et de respect de l\u2019environnement, dans un quartier qui est en train de se renouveler compl\u00e8tement.\u00a0\u00bb<\/p>\n<h2>Un projet tourn\u00e9 vers l\u2019avenir<\/h2>\n<p>Ces nouveaux bureaux constituent un investissement financier important, mais devraient permettre au groupe de se d\u00e9velopper et de poursuivre sa croissance sur le march\u00e9, comme l\u2019explique Nicolas L\u00e9onard : \u00ab Le projet des Guillemins va nous donner les moyens de grandir. Gr\u00e2ce \u00e0 cet investissement, nous allons \u00e9tablir un environnement adapt\u00e9 pour atteindre un niveau de performance et de collaboration et ainsi nous hisser parmi les meilleurs acteurs du march\u00e9. Ces espaces sont con\u00e7us pour r\u00e9pondre \u00e0 nos besoins au quotidien et absorber une grosse partie des ressources futures que nous allons engager pour \u00e9voluer de mani\u00e8re agr\u00e9able. \u00bb<\/p>\n","protected":false},"excerpt":{"rendered":"<p>C&rsquo;est au c\u0153ur de Li\u00e8ge, face \u00e0 la gare des Guillemins, v\u00e9ritable chef-d&rsquo;\u0153uvre de l&rsquo;artiste Calatrava, que le si\u00e8ge belge [&hellip;]<\/p>\n","protected":false},"author":1,"featured_media":856,"comment_status":"closed","ping_status":"closed","sticky":false,"template":"","format":"standard","meta":{"_acf_changed":false,"footnotes":""},"categories":[15],"tags":[],"class_list":["post-443","post","type-post","status-publish","format-standard","has-post-thumbnail","hentry","category-corporate-fr"],"acf":[],"_links":{"self":[{"href":"https:\/\/www.ardent-group.com\/fr\/wp-json\/wp\/v2\/posts\/443","targetHints":{"allow":["GET"]}}],"collection":[{"href":"https:\/\/www.ardent-group.com\/fr\/wp-json\/wp\/v2\/posts"}],"about":[{"href":"https:\/\/www.ardent-group.com\/fr\/wp-json\/wp\/v2\/types\/post"}],"author":[{"embeddable":true,"href":"https:\/\/www.ardent-group.com\/fr\/wp-json\/wp\/v2\/users\/1"}],"replies":[{"embeddable":true,"href":"https:\/\/www.ardent-group.com\/fr\/wp-json\/wp\/v2\/comments?post=443"}],"version-history":[{"count":0,"href":"https:\/\/www.ardent-group.com\/fr\/wp-json\/wp\/v2\/posts\/443\/revisions"}],"wp:featuredmedia":[{"embeddable":true,"href":"https:\/\/www.ardent-group.com\/fr\/wp-json\/wp\/v2\/media\/856"}],"wp:attachment":[{"href":"https:\/\/www.ardent-group.com\/fr\/wp-json\/wp\/v2\/media?parent=443"}],"wp:term":[{"taxonomy":"category","embeddable":true,"href":"https:\/\/www.ardent-group.com\/fr\/wp-json\/wp\/v2\/categories?post=443"},{"taxonomy":"post_tag","embeddable":true,"href":"https:\/\/www.ardent-group.com\/fr\/wp-json\/wp\/v2\/tags?post=443"}],"curies":[{"name":"wp","href":"https:\/\/api.w.org\/{rel}","templated":true}]}}