{"id":2739,"date":"2025-01-05T16:11:01","date_gmt":"2025-01-05T15:11:01","guid":{"rendered":"https:\/\/www.ardent-group.com\/?p=2739"},"modified":"2025-01-05T16:11:01","modified_gmt":"2025-01-05T15:11:01","slug":"ardent-real-estate-mis-en-lumiere-dans-la-meuse-au-travers-de-son-projet-crystal-corner","status":"publish","type":"post","link":"https:\/\/www.ardent-group.com\/nl\/ardent-real-estate-mis-en-lumiere-dans-la-meuse-au-travers-de-son-projet-crystal-corner\/","title":{"rendered":"Ardent Real Estate mis en lumi\u00e8re dans La Meuse au travers de son projet Crystal Corner"},"content":{"rendered":"<p>En ce 8 mai, le journal La Meuse a consacr\u00e9 un article au projet immobilier urbain et innovant d\u2019Ardent Real Estate: Crystal Corner. Cet article met en avant l\u2019engagement de la division immobili\u00e8re d\u2019Ardent Invest pour le d\u00e9veloppement urbain durable et notre strat\u00e9gie de revitalisation des quartiers strat\u00e9giques. Retrouvez ci-dessous un r\u00e9sum\u00e9 de cet article, illustrant leur vision et leurs initiatives pour transformer les espaces urbains.<\/p>\n<p><a href=\"https:\/\/www.sudinfo.be\/id834065\/article\/2024-05-08\/vers-un-feu-vert-pour-le-projet-du-groupe-ardent-de-remplir-la-derniere-dent\"><strong>Parcourir l\u2019article complet<\/strong><\/a><\/p>\n<p><strong>R\u00e9sum\u00e9 de l\u2019article<\/strong><\/p>\n<p>Le groupe li\u00e9geois Ardent Invest, \u00e0 travers sa filiale Ardent Real Estate, s\u2019attaque \u00e0 un nouveau projet immobilier strat\u00e9gique aux Guillemins, \u00e0 Li\u00e8ge. Apr\u00e8s le succ\u00e8s de leur pr\u00e9c\u00e9dent projet mixte, le Li\u00e8ge Office Center, faisant le coin de la place des Guillemins et de la rue du m\u00eame nom, Ardent Real Estate se concentre d\u00e9sormais sur l\u2019angle form\u00e9 par la rue Paradis, en face de la gare Calatrava.<\/p>\n<p>Ce terrain, longtemps vacant et acquis par le TEC pour un local de repos, verra la construction d\u2019un immeuble de huit \u00e9tages abritant une surface commerciale et 13 logements de qualit\u00e9, tous dot\u00e9s de terrasses. Le prix de vente est estim\u00e9 entre 3 300 et 3 500 euros le m\u00b2. Le projet, nomm\u00e9 \u00ab\u00a0Crystal Corner\u00a0\u00bb, se distingue par son absence de parking, misant sur les nombreuses options de mobilit\u00e9 offertes par la proximit\u00e9 imm\u00e9diate des transports publics.<\/p>\n<p>L\u2019architecture, sign\u00e9e Altiplan, pr\u00e9voit une fa\u00e7ade en aluminium r\u00e9fl\u00e9chissant la gare Calatrava, accentuant l\u2019int\u00e9gration visuelle avec ce monument. Malgr\u00e9 quelques remarques mineures lors de l\u2019enqu\u00eate publique, le principal d\u00e9fi reste l\u2019approbation de l\u2019empi\u00e9tement sur la voirie publique pour arrondir l\u2019angle du b\u00e2timent. La validation par le conseil communal est attendue d\u2019ici la fin du mois, avec une finalisation du projet pr\u00e9vue pour 2026.<\/p>\n<p>Ce projet marque une \u00e9tape importante dans la transformation urbaine de ce quartier dynamique, renfor\u00e7ant l\u2019engagement d\u2019Ardent Real Estate pour des d\u00e9veloppements urbains innovants et durables.<\/p>\n<p>&nbsp;<\/p>\n","protected":false},"excerpt":{"rendered":"<p>En ce 8 mai, le journal La Meuse a consacr\u00e9 un article au projet immobilier urbain et innovant d\u2019Ardent Real [&hellip;]<\/p>\n","protected":false},"author":3,"featured_media":0,"comment_status":"closed","ping_status":"closed","sticky":false,"template":"","format":"standard","meta":{"_acf_changed":false,"footnotes":""},"categories":[5],"tags":[],"class_list":["post-2739","post","type-post","status-publish","format-standard","hentry","category-geen-onderdeel-van-een-categorie"],"acf":[],"_links":{"self":[{"href":"https:\/\/www.ardent-group.com\/nl\/wp-json\/wp\/v2\/posts\/2739","targetHints":{"allow":["GET"]}}],"collection":[{"href":"https:\/\/www.ardent-group.com\/nl\/wp-json\/wp\/v2\/posts"}],"about":[{"href":"https:\/\/www.ardent-group.com\/nl\/wp-json\/wp\/v2\/types\/post"}],"author":[{"embeddable":true,"href":"https:\/\/www.ardent-group.com\/nl\/wp-json\/wp\/v2\/users\/3"}],"replies":[{"embeddable":true,"href":"https:\/\/www.ardent-group.com\/nl\/wp-json\/wp\/v2\/comments?post=2739"}],"version-history":[{"count":1,"href":"https:\/\/www.ardent-group.com\/nl\/wp-json\/wp\/v2\/posts\/2739\/revisions"}],"predecessor-version":[{"id":2740,"href":"https:\/\/www.ardent-group.com\/nl\/wp-json\/wp\/v2\/posts\/2739\/revisions\/2740"}],"wp:attachment":[{"href":"https:\/\/www.ardent-group.com\/nl\/wp-json\/wp\/v2\/media?parent=2739"}],"wp:term":[{"taxonomy":"category","embeddable":true,"href":"https:\/\/www.ardent-group.com\/nl\/wp-json\/wp\/v2\/categories?post=2739"},{"taxonomy":"post_tag","embeddable":true,"href":"https:\/\/www.ardent-group.com\/nl\/wp-json\/wp\/v2\/tags?post=2739"}],"curies":[{"name":"wp","href":"https:\/\/api.w.org\/{rel}","templated":true}]}}